{"id":2330,"date":"2026-03-11T12:19:40","date_gmt":"2026-03-11T12:19:40","guid":{"rendered":"https:\/\/edu-active.pl\/?p=2330"},"modified":"2026-03-11T12:33:50","modified_gmt":"2026-03-11T12:33:50","slug":"zaproszenie-do-udzialu-w-szkoleniu-w-rzeszowie","status":"publish","type":"post","link":"https:\/\/edu-active.pl\/en\/zaproszenie-do-udzialu-w-szkoleniu-w-rzeszowie\/","title":{"rendered":"Zaproszenie do udzia\u0142u w szkoleniu"},"content":{"rendered":"<p>Fundation <strong>Edu Active<\/strong> zaprasza do udzia\u0142u w mi\u0119dzynarodowym szkoleniu dla os\u00f3b pracuj\u0105cych z m\u0142odzie\u017c\u0105, organizowanym w ramach projektu <strong>Erasmus+ \u201eNo More Moving Out: Creating Self-Employment Skills for Youth\u201d<\/strong>.<\/p>\n\n\n\n<p>Szkolenie odb\u0119dzie si\u0119 w dniach <strong>23\u201324 kwietnia w Rzeszowie<\/strong> i b\u0119dzie po\u015bwi\u0119cone rozwijaniu kompetencji cyfrowych oraz przedsi\u0119biorczych w pracy z m\u0142odymi lud\u017ami. W wydarzeniu wezm\u0105 udzia\u0142 r\u00f3wnie\u017c partnerzy projektu z <strong>Niemiec i Estonii<\/strong>, co stworzy przestrze\u0144 do mi\u0119dzynarodowej wymiany do\u015bwiadcze\u0144 oraz dobrych praktyk w obszarze edukacji pozaformalnej.<\/p>\n\n\n\n<p>Podczas dwudniowego spotkania uczestnicy b\u0119d\u0105 mieli okazj\u0119 zapozna\u0107 si\u0119 z materia\u0142ami edukacyjnymi opracowanymi w ramach projektu, w tym z czterema modu\u0142ami szkoleniowymi dotycz\u0105cymi m.in.:<\/p>\n\n\n\n<ul class=\"wp-block-list\">\n<li>wykorzystania technologii cyfrowych i mo\u017cliwo\u015bci pracy zdalnej,<\/li>\n\n\n\n<li>zastosowania <strong>sztucznej inteligencji (AI)<\/strong> w przedsi\u0119biorczo\u015bci,<\/li>\n\n\n\n<li>wykorzystania <strong>automatyzacji<\/strong> w pracy cyfrowej,<\/li>\n\n\n\n<li>strategii <strong>samozatrudnienia i przedsi\u0119biorczo\u015bci m\u0142odzie\u017cowej<\/strong>.<\/li>\n<\/ul>\n\n\n\n<p>Program szkolenia obejmuje prezentacje, warsztaty praktyczne, prac\u0119 w grupach oraz dyskusje dotycz\u0105ce wspierania m\u0142odych ludzi w rozwijaniu kompetencji potrzebnych na wsp\u00f3\u0142czesnym rynku pracy. Jednym z element\u00f3w wydarzenia b\u0119dzie r\u00f3wnie\u017c <strong>wizyta studyjna w Podkarpackim Centrum Innowacji<\/strong>, podczas kt\u00f3rej uczestnicy poznaj\u0105 lokalny ekosystem innowacji i przedsi\u0119biorczo\u015bci.<\/p>\n\n\n\n<p>Szkolenie skierowane jest przede wszystkim do <strong>pracownik\u00f3w m\u0142odzie\u017cowych, edukator\u00f3w, trener\u00f3w oraz os\u00f3b zaanga\u017cowanych w dzia\u0142ania na rzecz m\u0142odzie\u017cy<\/strong>, kt\u00f3rzy chc\u0105 rozwija\u0107 swoje kompetencje w obszarze edukacji cyfrowej i przedsi\u0119biorczo\u015bci.<\/p>\n\n\n\n<p>Szczeg\u00f3\u0142owe informacje dotycz\u0105ce programu, miejsca spotkania oraz organizacji wydarzenia znajduj\u0105 si\u0119 w <strong>infopacku<\/strong> dost\u0119pnym poni\u017cej.<\/p>\n\n\n\n<div data-wp-interactive=\"core\/file\" class=\"wp-block-file\"><object data-wp-bind--hidden=\"!state.hasPdfPreview\" hidden class=\"wp-block-file__embed\" data=\"https:\/\/edu-active.pl\/wp-content\/uploads\/2026\/03\/Infopack-\u2013-Youth-Worker-Training-Poland.pdf\" type=\"application\/pdf\" style=\"width:100%;height:850px\" aria-label=\"Embed of Infopack \u2013 Youth Worker Training Poland.\"><\/object><a id=\"wp-block-file--media-cd8dee35-8add-4ea9-9b90-1cb234a1a40c\" href=\"https:\/\/edu-active.pl\/wp-content\/uploads\/2026\/03\/Infopack-\u2013-Youth-Worker-Training-Poland.pdf\">Infopack \u2013 Youth Worker Training Poland<\/a><a href=\"https:\/\/edu-active.pl\/wp-content\/uploads\/2026\/03\/Infopack-\u2013-Youth-Worker-Training-Poland.pdf\" class=\"wp-block-file__button wp-element-button\" download aria-describedby=\"wp-block-file--media-cd8dee35-8add-4ea9-9b90-1cb234a1a40c\">Pobierz<\/a><\/div>\n\n\n\n<p>Zapraszamy do udzia\u0142u!<\/p>","protected":false},"excerpt":{"rendered":"<p>Fundacja Edu Active zaprasza do udzia\u0142u w mi\u0119dzynarodowym szkoleniu dla os\u00f3b pracuj\u0105cych z m\u0142odzie\u017c\u0105, organizowanym w ramach projektu Erasmus+ \u201eNo More Moving Out: Creating Self-Employment Skills for Youth\u201d. Szkolenie odb\u0119dzie si\u0119 w dniach 23\u201324 kwietnia w Rzeszowie i b\u0119dzie po\u015bwi\u0119cone rozwijaniu kompetencji cyfrowych oraz przedsi\u0119biorczych w pracy z m\u0142odymi lud\u017ami. W wydarzeniu wezm\u0105 udzia\u0142 r\u00f3wnie\u017c&hellip; <br \/> <a class=\"read-more\" href=\"https:\/\/edu-active.pl\/en\/zaproszenie-do-udzialu-w-szkoleniu-w-rzeszowie\/\">Read more<\/a><\/p>","protected":false},"author":1,"featured_media":2339,"comment_status":"closed","ping_status":"","sticky":false,"template":"","format":"standard","meta":{"cybocfi_hide_featured_image":"yes","footnotes":""},"categories":[5],"tags":[],"class_list":["post-2330","post","type-post","status-publish","format-standard","has-post-thumbnail","hentry","category-erasmus"],"_links":{"self":[{"href":"https:\/\/edu-active.pl\/en\/wp-json\/wp\/v2\/posts\/2330","targetHints":{"allow":["GET"]}}],"collection":[{"href":"https:\/\/edu-active.pl\/en\/wp-json\/wp\/v2\/posts"}],"about":[{"href":"https:\/\/edu-active.pl\/en\/wp-json\/wp\/v2\/types\/post"}],"author":[{"embeddable":true,"href":"https:\/\/edu-active.pl\/en\/wp-json\/wp\/v2\/users\/1"}],"replies":[{"embeddable":true,"href":"https:\/\/edu-active.pl\/en\/wp-json\/wp\/v2\/comments?post=2330"}],"version-history":[{"count":6,"href":"https:\/\/edu-active.pl\/en\/wp-json\/wp\/v2\/posts\/2330\/revisions"}],"predecessor-version":[{"id":2341,"href":"https:\/\/edu-active.pl\/en\/wp-json\/wp\/v2\/posts\/2330\/revisions\/2341"}],"wp:featuredmedia":[{"embeddable":true,"href":"https:\/\/edu-active.pl\/en\/wp-json\/wp\/v2\/media\/2339"}],"wp:attachment":[{"href":"https:\/\/edu-active.pl\/en\/wp-json\/wp\/v2\/media?parent=2330"}],"wp:term":[{"taxonomy":"category","embeddable":true,"href":"https:\/\/edu-active.pl\/en\/wp-json\/wp\/v2\/categories?post=2330"},{"taxonomy":"post_tag","embeddable":true,"href":"https:\/\/edu-active.pl\/en\/wp-json\/wp\/v2\/tags?post=2330"}],"curies":[{"name":"wp","href":"https:\/\/api.w.org\/{rel}","templated":true}]}}