{"id":1228,"date":"2025-11-20T08:37:27","date_gmt":"2025-11-20T08:37:27","guid":{"rendered":"https:\/\/edu-active.pl\/?p=1228"},"modified":"2025-12-23T12:33:56","modified_gmt":"2025-12-23T12:33:56","slug":"grupa-13-z-katow-trzebuskich-odkrywa-piekno-regionalnych-motywow-w-wiankach","status":"publish","type":"post","link":"https:\/\/edu-active.pl\/en\/grupa-13-z-katow-trzebuskich-odkrywa-piekno-regionalnych-motywow-w-wiankach\/","title":{"rendered":"Grupa 13 z K\u0105t\u00f3w Trzebuskich odkrywa pi\u0119kno regionalnych motyw\u00f3w w wiankach"},"content":{"rendered":"<p>Podczas kolejnych zaj\u0119\u0107 w ramach projektu <strong>\u201eSzko\u0142a Dawnych Umiej\u0119tno\u015bci\u201d<\/strong> Grupa 13 z K\u0105t\u00f3w Trzebuskich stworzy\u0142a wyj\u0105tkowe <strong>wianki inspirowane tradycj\u0105 regionu<\/strong>. Uczestnicy z du\u017c\u0105 staranno\u015bci\u0105 dobierali kwiaty, zio\u0142a i elementy dekoracyjne, tworz\u0105c kompozycje, kt\u00f3re zachwycaj\u0105 zar\u00f3wno estetyk\u0105, jak i precyzj\u0105 wykonania.<\/p>\n\n\n\n<p>Dzisiejsze spotkanie nie ograniczy\u0142o si\u0119 jednak wy\u0142\u0105cznie do praktyki. W trakcie zaj\u0119\u0107 uczestnicy <strong>omawiali regionalne motywy i znaczenia symboliczne<\/strong>, kt\u00f3re od wiek\u00f3w towarzysz\u0105 wiankom w lokalnych obrz\u0119dach i zwyczajach. Rozmowy dotyczy\u0142y m.in. roli poszczeg\u00f3lnych ro\u015blin, ich symboliki w kulturze ludowej oraz sposob\u00f3w, w jakie dawniej wykorzystywano wianki podczas \u015bwi\u0105t i uroczysto\u015bci rodzinnych.<\/p>\n\n\n\n<p>Dzi\u0119ki po\u0142\u0105czeniu pracy r\u0119cznej z odkrywaniem tradycji, uczestnicy mogli spojrze\u0107 na swoje kompozycje w zupe\u0142nie nowy spos\u00f3b \u2014 jako na ma\u0142e dzie\u0142a, kt\u00f3re nios\u0105 ze sob\u0105 histori\u0119, znaczenie i lokaln\u0105 to\u017csamo\u015b\u0107.<\/p>\n\n\n\n<p>Gratulujemy Grupie 13 pi\u0119knych efekt\u00f3w oraz wra\u017cliwo\u015bci na regionalne dziedzictwo. Z niecierpliwo\u015bci\u0105 czekamy na kolejne tw\u00f3rcze spotkania!<\/p>\n\n\n\n<figure class=\"wp-block-gallery has-nested-images columns-default is-cropped wp-block-gallery-1 is-layout-flex wp-block-gallery-is-layout-flex\">\n<figure class=\"wp-block-image size-large\"><img loading=\"lazy\" decoding=\"async\" width=\"768\" height=\"1024\" data-id=\"1230\" src=\"https:\/\/edu-active.pl\/wp-content\/uploads\/2025\/12\/PHOTO-2025-11-24-21-09-45-2-768x1024.jpg\" alt=\"\" class=\"wp-image-1230\" srcset=\"https:\/\/edu-active.pl\/wp-content\/uploads\/2025\/12\/PHOTO-2025-11-24-21-09-45-2-768x1024.jpg 768w, https:\/\/edu-active.pl\/wp-content\/uploads\/2025\/12\/PHOTO-2025-11-24-21-09-45-2-225x300.jpg 225w, https:\/\/edu-active.pl\/wp-content\/uploads\/2025\/12\/PHOTO-2025-11-24-21-09-45-2-1152x1536.jpg 1152w, https:\/\/edu-active.pl\/wp-content\/uploads\/2025\/12\/PHOTO-2025-11-24-21-09-45-2-9x12.jpg 9w, https:\/\/edu-active.pl\/wp-content\/uploads\/2025\/12\/PHOTO-2025-11-24-21-09-45-2-1024x1365.jpg 1024w, https:\/\/edu-active.pl\/wp-content\/uploads\/2025\/12\/PHOTO-2025-11-24-21-09-45-2-810x1080.jpg 810w, https:\/\/edu-active.pl\/wp-content\/uploads\/2025\/12\/PHOTO-2025-11-24-21-09-45-2.jpg 1536w\" sizes=\"auto, (max-width: 768px) 100vw, 768px\" \/><\/figure>\n\n\n\n<figure class=\"wp-block-image size-large\"><img loading=\"lazy\" decoding=\"async\" width=\"768\" height=\"1024\" data-id=\"1231\" src=\"https:\/\/edu-active.pl\/wp-content\/uploads\/2025\/12\/PHOTO-2025-11-24-21-09-45-3-768x1024.jpg\" alt=\"\" class=\"wp-image-1231\" srcset=\"https:\/\/edu-active.pl\/wp-content\/uploads\/2025\/12\/PHOTO-2025-11-24-21-09-45-3-768x1024.jpg 768w, https:\/\/edu-active.pl\/wp-content\/uploads\/2025\/12\/PHOTO-2025-11-24-21-09-45-3-225x300.jpg 225w, https:\/\/edu-active.pl\/wp-content\/uploads\/2025\/12\/PHOTO-2025-11-24-21-09-45-3-1152x1536.jpg 1152w, https:\/\/edu-active.pl\/wp-content\/uploads\/2025\/12\/PHOTO-2025-11-24-21-09-45-3-9x12.jpg 9w, https:\/\/edu-active.pl\/wp-content\/uploads\/2025\/12\/PHOTO-2025-11-24-21-09-45-3-1024x1365.jpg 1024w, https:\/\/edu-active.pl\/wp-content\/uploads\/2025\/12\/PHOTO-2025-11-24-21-09-45-3-810x1080.jpg 810w, https:\/\/edu-active.pl\/wp-content\/uploads\/2025\/12\/PHOTO-2025-11-24-21-09-45-3.jpg 1536w\" sizes=\"auto, (max-width: 768px) 100vw, 768px\" \/><\/figure>\n\n\n\n<figure class=\"wp-block-image size-large\"><img loading=\"lazy\" decoding=\"async\" width=\"1024\" height=\"768\" data-id=\"1229\" src=\"https:\/\/edu-active.pl\/wp-content\/uploads\/2025\/12\/PHOTO-2025-11-24-21-09-45-1024x768.jpg\" alt=\"\" class=\"wp-image-1229\" srcset=\"https:\/\/edu-active.pl\/wp-content\/uploads\/2025\/12\/PHOTO-2025-11-24-21-09-45-1024x768.jpg 1024w, https:\/\/edu-active.pl\/wp-content\/uploads\/2025\/12\/PHOTO-2025-11-24-21-09-45-300x225.jpg 300w, https:\/\/edu-active.pl\/wp-content\/uploads\/2025\/12\/PHOTO-2025-11-24-21-09-45-768x576.jpg 768w, https:\/\/edu-active.pl\/wp-content\/uploads\/2025\/12\/PHOTO-2025-11-24-21-09-45-1536x1152.jpg 1536w, https:\/\/edu-active.pl\/wp-content\/uploads\/2025\/12\/PHOTO-2025-11-24-21-09-45-16x12.jpg 16w, https:\/\/edu-active.pl\/wp-content\/uploads\/2025\/12\/PHOTO-2025-11-24-21-09-45-1440x1080.jpg 1440w, https:\/\/edu-active.pl\/wp-content\/uploads\/2025\/12\/PHOTO-2025-11-24-21-09-45.jpg 2048w\" sizes=\"auto, (max-width: 1024px) 100vw, 1024px\" \/><\/figure>\n<\/figure>\n\n\n\n<p><\/p>","protected":false},"excerpt":{"rendered":"<p>Podczas kolejnych zaj\u0119\u0107 w ramach projektu \u201eSzko\u0142a Dawnych Umiej\u0119tno\u015bci\u201d Grupa 13 z K\u0105t\u00f3w Trzebuskich stworzy\u0142a wyj\u0105tkowe wianki inspirowane tradycj\u0105 regionu. Uczestnicy z du\u017c\u0105 staranno\u015bci\u0105 dobierali kwiaty, zio\u0142a i elementy dekoracyjne, tworz\u0105c kompozycje, kt\u00f3re zachwycaj\u0105 zar\u00f3wno estetyk\u0105, jak i precyzj\u0105 wykonania. Dzisiejsze spotkanie nie ograniczy\u0142o si\u0119 jednak wy\u0142\u0105cznie do praktyki. W trakcie zaj\u0119\u0107 uczestnicy omawiali regionalne&hellip; <br \/> <a class=\"read-more\" href=\"https:\/\/edu-active.pl\/en\/grupa-13-z-katow-trzebuskich-odkrywa-piekno-regionalnych-motywow-w-wiankach\/\">Read more<\/a><\/p>","protected":false},"author":1,"featured_media":1231,"comment_status":"closed","ping_status":"","sticky":false,"template":"","format":"standard","meta":{"cybocfi_hide_featured_image":"yes","footnotes":""},"categories":[9],"tags":[],"class_list":["post-1228","post","type-post","status-publish","format-standard","has-post-thumbnail","hentry","category-sdu"],"_links":{"self":[{"href":"https:\/\/edu-active.pl\/en\/wp-json\/wp\/v2\/posts\/1228","targetHints":{"allow":["GET"]}}],"collection":[{"href":"https:\/\/edu-active.pl\/en\/wp-json\/wp\/v2\/posts"}],"about":[{"href":"https:\/\/edu-active.pl\/en\/wp-json\/wp\/v2\/types\/post"}],"author":[{"embeddable":true,"href":"https:\/\/edu-active.pl\/en\/wp-json\/wp\/v2\/users\/1"}],"replies":[{"embeddable":true,"href":"https:\/\/edu-active.pl\/en\/wp-json\/wp\/v2\/comments?post=1228"}],"version-history":[{"count":2,"href":"https:\/\/edu-active.pl\/en\/wp-json\/wp\/v2\/posts\/1228\/revisions"}],"predecessor-version":[{"id":2182,"href":"https:\/\/edu-active.pl\/en\/wp-json\/wp\/v2\/posts\/1228\/revisions\/2182"}],"wp:featuredmedia":[{"embeddable":true,"href":"https:\/\/edu-active.pl\/en\/wp-json\/wp\/v2\/media\/1231"}],"wp:attachment":[{"href":"https:\/\/edu-active.pl\/en\/wp-json\/wp\/v2\/media?parent=1228"}],"wp:term":[{"taxonomy":"category","embeddable":true,"href":"https:\/\/edu-active.pl\/en\/wp-json\/wp\/v2\/categories?post=1228"},{"taxonomy":"post_tag","embeddable":true,"href":"https:\/\/edu-active.pl\/en\/wp-json\/wp\/v2\/tags?post=1228"}],"curies":[{"name":"wp","href":"https:\/\/api.w.org\/{rel}","templated":true}]}}