{"id":1199,"date":"2025-11-23T12:25:01","date_gmt":"2025-11-23T12:25:01","guid":{"rendered":"https:\/\/edu-active.pl\/?p=1199"},"modified":"2025-12-23T12:32:36","modified_gmt":"2025-12-23T12:32:36","slug":"grupa-5-z-rakszawy-podsumowuje-szkolenie-na-florystke-regionalna","status":"publish","type":"post","link":"https:\/\/edu-active.pl\/en\/grupa-5-z-rakszawy-podsumowuje-szkolenie-na-florystke-regionalna\/","title":{"rendered":"Grupa 5 z Rakszawy podsumowuje szkolenie na florystk\u0119 regionaln\u0105!"},"content":{"rendered":"<p>Z rado\u015bci\u0105 informujemy, \u017ce Grupa 5 z Rakszawy zako\u0144czy\u0142a szkolenie na <strong>florystk\u0119 regionaln\u0105<\/strong>! Uczestnicy wykazali si\u0119 ogromnym zaanga\u017cowaniem, kreatywno\u015bci\u0105 i determinacj\u0105 \u2013 <strong>spisali si\u0119 znakomicie<\/strong>.<\/p>\n\n\n\n<p>Podczas zaj\u0119\u0107 uczestnicy poznali tradycyjne techniki florystyczne, nauczyli si\u0119 komponowa\u0107 pi\u0119kne, regionalne bukiety i dekoracje, a tak\u017ce zg\u0142\u0119biali tajniki lokalnych ro\u015blin i ich zastosowania w sztuce florystycznej. Efekty ich pracy by\u0142y zachwycaj\u0105ce i pokaza\u0142y, \u017ce pasja i praktyka id\u0105 w parze.<\/p>\n\n\n\n<p>Gratulujemy ca\u0142ej grupie wspania\u0142ych osi\u0105gni\u0119\u0107 \u017cyczymy kolejnych sukces\u00f3w! \ud83c\udf3f\u2728<\/p>\n\n\n\n<figure class=\"wp-block-gallery has-nested-images columns-default is-cropped wp-block-gallery-1 is-layout-flex wp-block-gallery-is-layout-flex\">\n<figure class=\"wp-block-image size-large\"><img loading=\"lazy\" decoding=\"async\" width=\"1024\" height=\"768\" data-id=\"1203\" src=\"https:\/\/edu-active.pl\/wp-content\/uploads\/2025\/12\/IMG-20251027-WA0027-1024x768.jpg\" alt=\"\" class=\"wp-image-1203\" srcset=\"https:\/\/edu-active.pl\/wp-content\/uploads\/2025\/12\/IMG-20251027-WA0027-1024x768.jpg 1024w, https:\/\/edu-active.pl\/wp-content\/uploads\/2025\/12\/IMG-20251027-WA0027-300x225.jpg 300w, https:\/\/edu-active.pl\/wp-content\/uploads\/2025\/12\/IMG-20251027-WA0027-768x576.jpg 768w, https:\/\/edu-active.pl\/wp-content\/uploads\/2025\/12\/IMG-20251027-WA0027-1536x1152.jpg 1536w, https:\/\/edu-active.pl\/wp-content\/uploads\/2025\/12\/IMG-20251027-WA0027-16x12.jpg 16w, https:\/\/edu-active.pl\/wp-content\/uploads\/2025\/12\/IMG-20251027-WA0027-1440x1080.jpg 1440w, https:\/\/edu-active.pl\/wp-content\/uploads\/2025\/12\/IMG-20251027-WA0027.jpg 1600w\" sizes=\"auto, (max-width: 1024px) 100vw, 1024px\" \/><\/figure>\n\n\n\n<figure class=\"wp-block-image size-large\"><img loading=\"lazy\" decoding=\"async\" width=\"771\" height=\"1024\" data-id=\"1201\" src=\"https:\/\/edu-active.pl\/wp-content\/uploads\/2025\/12\/IMG-20251117-WA0011-771x1024.jpg\" alt=\"\" class=\"wp-image-1201\" srcset=\"https:\/\/edu-active.pl\/wp-content\/uploads\/2025\/12\/IMG-20251117-WA0011-771x1024.jpg 771w, https:\/\/edu-active.pl\/wp-content\/uploads\/2025\/12\/IMG-20251117-WA0011-226x300.jpg 226w, https:\/\/edu-active.pl\/wp-content\/uploads\/2025\/12\/IMG-20251117-WA0011-768x1021.jpg 768w, https:\/\/edu-active.pl\/wp-content\/uploads\/2025\/12\/IMG-20251117-WA0011-1156x1536.jpg 1156w, https:\/\/edu-active.pl\/wp-content\/uploads\/2025\/12\/IMG-20251117-WA0011-9x12.jpg 9w, https:\/\/edu-active.pl\/wp-content\/uploads\/2025\/12\/IMG-20251117-WA0011-1024x1361.jpg 1024w, https:\/\/edu-active.pl\/wp-content\/uploads\/2025\/12\/IMG-20251117-WA0011-813x1080.jpg 813w, https:\/\/edu-active.pl\/wp-content\/uploads\/2025\/12\/IMG-20251117-WA0011.jpg 1204w\" sizes=\"auto, (max-width: 771px) 100vw, 771px\" \/><\/figure>\n\n\n\n<figure class=\"wp-block-image size-large\"><img loading=\"lazy\" decoding=\"async\" width=\"768\" height=\"1024\" data-id=\"1202\" src=\"https:\/\/edu-active.pl\/wp-content\/uploads\/2025\/12\/IMG-20251117-WA0023-768x1024.jpg\" alt=\"\" class=\"wp-image-1202\" srcset=\"https:\/\/edu-active.pl\/wp-content\/uploads\/2025\/12\/IMG-20251117-WA0023-768x1024.jpg 768w, https:\/\/edu-active.pl\/wp-content\/uploads\/2025\/12\/IMG-20251117-WA0023-225x300.jpg 225w, https:\/\/edu-active.pl\/wp-content\/uploads\/2025\/12\/IMG-20251117-WA0023-1152x1536.jpg 1152w, https:\/\/edu-active.pl\/wp-content\/uploads\/2025\/12\/IMG-20251117-WA0023-9x12.jpg 9w, https:\/\/edu-active.pl\/wp-content\/uploads\/2025\/12\/IMG-20251117-WA0023-1024x1365.jpg 1024w, https:\/\/edu-active.pl\/wp-content\/uploads\/2025\/12\/IMG-20251117-WA0023-810x1080.jpg 810w, https:\/\/edu-active.pl\/wp-content\/uploads\/2025\/12\/IMG-20251117-WA0023.jpg 1200w\" sizes=\"auto, (max-width: 768px) 100vw, 768px\" \/><\/figure>\n\n\n\n<figure class=\"wp-block-image size-large\"><img loading=\"lazy\" decoding=\"async\" width=\"768\" height=\"1024\" data-id=\"1204\" src=\"https:\/\/edu-active.pl\/wp-content\/uploads\/2025\/12\/IMG-20251117-WA0026-768x1024.jpg\" alt=\"\" class=\"wp-image-1204\" srcset=\"https:\/\/edu-active.pl\/wp-content\/uploads\/2025\/12\/IMG-20251117-WA0026-768x1024.jpg 768w, https:\/\/edu-active.pl\/wp-content\/uploads\/2025\/12\/IMG-20251117-WA0026-225x300.jpg 225w, https:\/\/edu-active.pl\/wp-content\/uploads\/2025\/12\/IMG-20251117-WA0026-1152x1536.jpg 1152w, https:\/\/edu-active.pl\/wp-content\/uploads\/2025\/12\/IMG-20251117-WA0026-9x12.jpg 9w, https:\/\/edu-active.pl\/wp-content\/uploads\/2025\/12\/IMG-20251117-WA0026-1024x1365.jpg 1024w, https:\/\/edu-active.pl\/wp-content\/uploads\/2025\/12\/IMG-20251117-WA0026-810x1080.jpg 810w, https:\/\/edu-active.pl\/wp-content\/uploads\/2025\/12\/IMG-20251117-WA0026.jpg 1200w\" sizes=\"auto, (max-width: 768px) 100vw, 768px\" \/><\/figure>\n<\/figure>","protected":false},"excerpt":{"rendered":"<p>Z rado\u015bci\u0105 informujemy, \u017ce Grupa 5 z Rakszawy zako\u0144czy\u0142a szkolenie na florystk\u0119 regionaln\u0105! Uczestnicy wykazali si\u0119 ogromnym zaanga\u017cowaniem, kreatywno\u015bci\u0105 i determinacj\u0105 \u2013 spisali si\u0119 znakomicie. Podczas zaj\u0119\u0107 uczestnicy poznali tradycyjne techniki florystyczne, nauczyli si\u0119 komponowa\u0107 pi\u0119kne, regionalne bukiety i dekoracje, a tak\u017ce zg\u0142\u0119biali tajniki lokalnych ro\u015blin i ich zastosowania w sztuce florystycznej. Efekty ich pracy&hellip; <br \/> <a class=\"read-more\" href=\"https:\/\/edu-active.pl\/en\/grupa-5-z-rakszawy-podsumowuje-szkolenie-na-florystke-regionalna\/\">Read more<\/a><\/p>","protected":false},"author":1,"featured_media":1200,"comment_status":"closed","ping_status":"","sticky":false,"template":"","format":"standard","meta":{"cybocfi_hide_featured_image":"yes","footnotes":""},"categories":[9],"tags":[],"class_list":["post-1199","post","type-post","status-publish","format-standard","has-post-thumbnail","hentry","category-sdu"],"_links":{"self":[{"href":"https:\/\/edu-active.pl\/en\/wp-json\/wp\/v2\/posts\/1199","targetHints":{"allow":["GET"]}}],"collection":[{"href":"https:\/\/edu-active.pl\/en\/wp-json\/wp\/v2\/posts"}],"about":[{"href":"https:\/\/edu-active.pl\/en\/wp-json\/wp\/v2\/types\/post"}],"author":[{"embeddable":true,"href":"https:\/\/edu-active.pl\/en\/wp-json\/wp\/v2\/users\/1"}],"replies":[{"embeddable":true,"href":"https:\/\/edu-active.pl\/en\/wp-json\/wp\/v2\/comments?post=1199"}],"version-history":[{"count":2,"href":"https:\/\/edu-active.pl\/en\/wp-json\/wp\/v2\/posts\/1199\/revisions"}],"predecessor-version":[{"id":2176,"href":"https:\/\/edu-active.pl\/en\/wp-json\/wp\/v2\/posts\/1199\/revisions\/2176"}],"wp:featuredmedia":[{"embeddable":true,"href":"https:\/\/edu-active.pl\/en\/wp-json\/wp\/v2\/media\/1200"}],"wp:attachment":[{"href":"https:\/\/edu-active.pl\/en\/wp-json\/wp\/v2\/media?parent=1199"}],"wp:term":[{"taxonomy":"category","embeddable":true,"href":"https:\/\/edu-active.pl\/en\/wp-json\/wp\/v2\/categories?post=1199"},{"taxonomy":"post_tag","embeddable":true,"href":"https:\/\/edu-active.pl\/en\/wp-json\/wp\/v2\/tags?post=1199"}],"curies":[{"name":"wp","href":"https:\/\/api.w.org\/{rel}","templated":true}]}}